




{"id":4039,"date":"2025-06-09T15:39:08","date_gmt":"2025-06-09T13:39:08","guid":{"rendered":"https:\/\/kalimates.com\/?p=4039"},"modified":"2025-11-27T23:07:50","modified_gmt":"2025-11-27T21:07:50","slug":"vers-et-voix-une-ode-a-la-poesie-a-la-musique-et-a-la","status":"publish","type":"post","link":"https:\/\/kalimates.com\/fr\/vers-et-voix-une-ode-a-la-poesie-a-la-musique-et-a-la\/","title":{"rendered":"Bagnolet, vers et voix : Festival de po\u00e9sie et de musique \u2013 21 juin"},"content":{"rendered":"<h2>La po\u00e9sie en majest\u00e9 au Ch\u00e2teau de l\u2019\u00c9tang de Bagnolet<\/h2>\n<p>Bagnolet, le 21 juin prochain, deviendra le th\u00e9\u00e2tre d\u2019une effervescence artistique rare, \u00e0 l\u2019occasion du Festival Vers &#038; Voix \u2013 une c\u00e9l\u00e9bration envo\u00fbtante de la po\u00e9sie, de la musique et des arts visuels dans le cadre charg\u00e9 d&rsquo;histoire du <a href=\"https:\/\/www.ville-bagnolet.fr\/des-services-a-votre-service\/culture\/chateau-de-l-etang\" target=\"_blank\" rel=\"noopener\">Ch\u00e2teau de l\u2019\u00c9tang<\/a>, situ\u00e9 au 198 avenue Gambetta.<\/p>\n<p><iframe loading=\"lazy\"  width=\"800\" height=\"450\" src=\"https:\/\/www.youtube.com\/embed\/-ul1fphOmns?si=XS_bkyrCpyAbHMc9\" title=\"YouTube video player\" frameborder=\"0\" allow=\"accelerometer; autoplay; clipboard-write; encrypted-media; gyroscope; picture-in-picture; web-share\" referrerpolicy=\"strict-origin-when-cross-origin\" allowfullscreen><\/iframe><\/p>\n<p>Imagin\u00e9 et orchestr\u00e9 par la po\u00e9tesse <a href=\"https:\/\/blogs.mediapart.fr\/amadouba19gmailcom\/blog\/220224\/leila-el-mahi-poetesse-de-la-douleur-et-lesperance-amadou-bal-ba\" target=\"_blank\" rel=\"noopener\">Leila El Mahi<\/a>, avec le soutien bienveillant de la Ville de Bagnolet et en lien avec la mairie, ce festival s\u2019annonce comme un hymne vibrant \u00e0 la diversit\u00e9 des formes po\u00e9tiques et \u00e0 la rencontre des sensibilit\u00e9s. Tony Di Martino, maire de Bagnolet, joue un r\u00f4le essentiel dans la promotion de la culture et de la cr\u00e9ation artistique \u00e0 travers la ville. Gr\u00e2ce \u00e0 l\u2019engagement de Mourad Medjkoune, directeur du Ch\u00e2teau de l\u2019\u00c9tang, cet \u00e9v\u00e9nement prend vie et offre un espace de dialogue et de partage autour de la po\u00e9sie.<\/p>\n<div class=\"\">\n<div class=\"row\"><!-- Colonne 1 --><\/p>\n<div class=\"col-md-6 col-sm-12 mb-6 border border-light\">\n<div class=\"img-container\"><img loading=\"lazy\" decoding=\"async\" class=\"alignnone size-medium wp-image-4121\" src=\"https:\/\/kalimates.com\/site\/medias\/2025\/06\/1749556828315-257x360.jpg\" alt=\"\" width=\"257\" height=\"360\" srcset=\"https:\/\/kalimates.com\/site\/medias\/2025\/06\/1749556828315-257x360.jpg 257w, https:\/\/kalimates.com\/site\/medias\/2025\/06\/1749556828315-514x720.jpg 514w, https:\/\/kalimates.com\/site\/medias\/2025\/06\/1749556828315-768x1077.jpg 768w, https:\/\/kalimates.com\/site\/medias\/2025\/06\/1749556828315.jpg 1080w\" sizes=\"auto, (max-width: 257px) 100vw, 257px\" \/><\/div>\n<\/div>\n<p><!-- Colonne 2 --><\/p>\n<div class=\"col-md-6 col-sm-12 mb-6 border border-light\">\n<div class=\"img-container\"><img loading=\"lazy\" decoding=\"async\" class=\"alignnone size-medium wp-image-4120\" src=\"https:\/\/kalimates.com\/site\/medias\/2025\/06\/1749556828283-246x360.jpg\" alt=\"\" width=\"246\" height=\"360\" srcset=\"https:\/\/kalimates.com\/site\/medias\/2025\/06\/1749556828283-246x360.jpg 246w, https:\/\/kalimates.com\/site\/medias\/2025\/06\/1749556828283-492x720.jpg 492w, https:\/\/kalimates.com\/site\/medias\/2025\/06\/1749556828283-768x1123.jpg 768w, https:\/\/kalimates.com\/site\/medias\/2025\/06\/1749556828283.jpg 1021w\" sizes=\"auto, (max-width: 246px) 100vw, 246px\" \/><\/div>\n<\/div>\n<\/div>\n<\/div>\n<h2>Une constellation d\u2019artistes pour une journ\u00e9e d\u2019exception<\/h2>\n<p>De 15h \u00e0 22h, le ch\u00e2teau vibrera au rythme des voix et des notes de plus de 25 artistes et po\u00e8tes venus d\u2019horizons multiples. Le public aura le plaisir de d\u00e9couvrir ou red\u00e9couvrir des figures singuli\u00e8res de la sc\u00e8ne artistique francophone :<\/p>\n<p>1. Magalie Breton, chanteuse et po\u00e9tesse<br \/>\n2. Claude Plocieniak, \u00e9crivaine et po\u00e9tesse<br \/>\n3. <a href=\"#\" target=\"_blank\" rel=\"noopener\">Jacques Couturier<\/a>, chanteur, peintre et po\u00e8te<br \/>\n4. DA Cunha Ermelindo, po\u00e8te<br \/>\n5. Sandra Land, Artiste, peintre et po\u00e9tesse<br \/>\n6. Samia Linar, chanteuse \u00e0 la voix envo\u00fbtante<br \/>\n7. Nacer Djarane, guitariste et chanteur passionn\u00e9<br \/>\n8. Isabelle Duran, po\u00e9tesse<br \/>\n9. Fadela Chibani, po\u00e9tesse engag\u00e9e<br \/>\n10. Rayan Touak, po\u00e8te<br \/>\n11. Genevi\u00e8ve Guevara, po\u00e9tesse<br \/>\n12. Luc Laforge, po\u00e8te du quotidien<br \/>\n13. Pierre Yang, po\u00e8te du sensible<br \/>\n14. Lili Meguilane, po\u00e9tesse<br \/>\n15. <a href=\"https:\/\/fr.wikipedia.org\/wiki\/Amar_Meriech\" target=\"_blank\" rel=\"noopener\">Amar Meriech<\/a>, po\u00e8te<br \/>\n16. Karima Kerboua, po\u00e9tesse<br \/>\n17. Sabine Miniconi, po\u00e9tesse<br \/>\n18. Louisa Adjouati, po\u00e9tesse<br \/>\n19. Rayane Boukhalfa, artiste peintre et po\u00e9tesse<br \/>\n20. L\u00e9da Mansour, po\u00e9tesse introspective<br \/>\n21. Nawel Brini, artiste peintre et po\u00e9tesse<br \/>\n22. Thoueybat Said Omar-Hilali, politologue et essayiste<br \/>\n23. Alain-Aim\u00e9 Rajaonarison, po\u00e8te<br \/>\n24. Bernard Walbert, artiste peintre et po\u00e8te<br \/>\n25. Salah Lahsoum, musicien au oud<br \/>\n26. Sadia Tabti, ambassadrice de l\u2019Antenne Alg\u00e9rie &#8211; Rencontre des Auteurs Francophones<br \/>\n27. Idrissa Kiemtor\u00e9, sculpteur<\/p>\n<h2>Une immersion dans l\u2019univers des voix<\/h2>\n<p>Le Festival <strong>Vers &#038; Voix<\/strong> honore la <strong>diversit\u00e9 artistique<\/strong> sous toutes ses formes : po\u00e9sie, musique, arts visuels.<br \/>\nIl r\u00e9unit des artistes de tous horizons, de toutes g\u00e9n\u00e9rations et de toutes cultures, dans une volont\u00e9 commune de faire dialoguer les langages de l\u2019art.<br \/>\nIci, la parole po\u00e9tique se m\u00eale \u00e0 la musique, la peinture dialogue avec la voix, et chaque prestation devient un instant de gr\u00e2ce suspendu dans le temps.<br \/>\nLe festival n\u2019est pas un simple alignement de lectures : c\u2019est une <strong>exp\u00e9rience sensorielle<\/strong>, un voyage au c\u0153ur des \u00e9motions, entre vers chant\u00e9s, cris silencieux et \u00e9lans picturaux.<\/p>\n<h2>Une rencontre ouverte, libre et chaleureuse<\/h2>\n<p>Gratuit et ouvert \u00e0 toutes et tous, le Festival Vers &#038; Voix est un appel \u00e0 l\u2019\u00e9veil culturel et \u00e0 la libert\u00e9 cr\u00e9atrice, un moment o\u00f9 l\u2019art se partage sans fronti\u00e8re, ni hi\u00e9rarchie. C\u2019est l\u2019occasion pour les curieux comme pour les passionn\u00e9s de s\u2019abreuver \u00e0 la source vivante de la parole po\u00e9tique contemporaine.<\/p>\n<h2>Infos pratiques :<\/h2>\n<p>Date : Samedi 21 juin 2025<br \/>\nHoraire : de 15h \u00e0 22h<br \/>\nLieu : Ch\u00e2teau de l\u2019\u00c9tang \u2013 198 avenue Gambetta, 93170 Bagnolet<br \/>\nContact : chateau@ville-bagnolet.fr<\/p>\n<p>Un \u00e9v\u00e9nement \u00e0 ne pas manquer, o\u00f9 chaque voix r\u00e9v\u00e8le un monde, chaque \u0153uvre une m\u00e9moire, chaque po\u00e8me une lumi\u00e8re. Venez vibrer avec nous dans ce sanctuaire d\u2019art et de beaut\u00e9 partag\u00e9e.<\/p>\n","protected":false},"excerpt":{"rendered":"<p>La po\u00e9sie en majest\u00e9 au Ch\u00e2teau de l\u2019\u00c9tang de Bagnolet Bagnolet, le 21 juin prochain, deviendra le th\u00e9\u00e2tre d\u2019une effervescence artistique rare, \u00e0 l\u2019occasion du Festival Vers &#038; Voix \u2013 une c\u00e9l\u00e9bration envo\u00fbtante de la po\u00e9sie, de la musique et<\/p>\n","protected":false},"author":23706,"featured_media":4136,"comment_status":"open","ping_status":"open","sticky":false,"template":"","format":"standard","meta":{"footnotes":""},"categories":[2],"tags":[],"brand":[],"class_list":["post-4039","post","type-post","status-publish","format-standard","has-post-thumbnail","hentry","category-actualites"],"translation":{"provider":"WPGlobus","version":"3.0.0","language":"fr","enabled_languages":["ar","fr"],"languages":{"ar":{"title":true,"content":true,"excerpt":false},"fr":{"title":true,"content":true,"excerpt":false}}},"_links":{"self":[{"href":"https:\/\/kalimates.com\/fr\/wp-json\/wp\/v2\/posts\/4039","targetHints":{"allow":["GET"]}}],"collection":[{"href":"https:\/\/kalimates.com\/fr\/wp-json\/wp\/v2\/posts"}],"about":[{"href":"https:\/\/kalimates.com\/fr\/wp-json\/wp\/v2\/types\/post"}],"author":[{"embeddable":true,"href":"https:\/\/kalimates.com\/fr\/wp-json\/wp\/v2\/users\/23706"}],"replies":[{"embeddable":true,"href":"https:\/\/kalimates.com\/fr\/wp-json\/wp\/v2\/comments?post=4039"}],"version-history":[{"count":1,"href":"https:\/\/kalimates.com\/fr\/wp-json\/wp\/v2\/posts\/4039\/revisions"}],"predecessor-version":[{"id":4507,"href":"https:\/\/kalimates.com\/fr\/wp-json\/wp\/v2\/posts\/4039\/revisions\/4507"}],"wp:featuredmedia":[{"embeddable":true,"href":"https:\/\/kalimates.com\/fr\/wp-json\/wp\/v2\/media\/4136"}],"wp:attachment":[{"href":"https:\/\/kalimates.com\/fr\/wp-json\/wp\/v2\/media?parent=4039"}],"wp:term":[{"taxonomy":"category","embeddable":true,"href":"https:\/\/kalimates.com\/fr\/wp-json\/wp\/v2\/categories?post=4039"},{"taxonomy":"post_tag","embeddable":true,"href":"https:\/\/kalimates.com\/fr\/wp-json\/wp\/v2\/tags?post=4039"},{"taxonomy":"brand","embeddable":true,"href":"https:\/\/kalimates.com\/fr\/wp-json\/wp\/v2\/brand?post=4039"}],"curies":[{"name":"wp","href":"https:\/\/api.w.org\/{rel}","templated":true}]}}