




{"id":2624,"date":"2024-04-05T12:30:07","date_gmt":"2024-04-05T10:30:07","guid":{"rendered":"https:\/\/kalimates.com\/?p=2624"},"modified":"2025-11-27T23:07:51","modified_gmt":"2025-11-27T21:07:51","slug":"presences-arabes-lexposition-incontournable-au-musee-dart-moderne-de-paris","status":"publish","type":"post","link":"https:\/\/kalimates.com\/fr\/presences-arabes-lexposition-incontournable-au-musee-dart-moderne-de-paris\/","title":{"rendered":"Pr\u00e9sences arabes : L&rsquo;exposition Incontournable au Mus\u00e9e d&rsquo;Art Moderne de Paris"},"content":{"rendered":"<h3><\/h3>\n<p>D\u00e9couvrez une exp\u00e9rience artistique immersive et captivante au Mus\u00e9e d\u2019Art Moderne de Paris avec l&rsquo;exposition \u00ab\u00a0Pr\u00e9sences arabes \u2013 Art moderne et d\u00e9colonisation \u2013 Paris 1908-1988\u00a0\u00bb, qui se tiendra du 5 avril au 25 ao\u00fbt 2024. Plongez dans un univers artistique riche en diversit\u00e9 et en histoire, mettant en lumi\u00e8re l&rsquo;influence et la contribution des artistes arabes \u00e0 la sc\u00e8ne artistique parisienne du XXe si\u00e8cle.<\/p>\n<h4>Un Voyage dans le Temps et l&rsquo;Espace Artistique<\/h4>\n<p>L&rsquo;exposition offre aux visiteurs l&rsquo;opportunit\u00e9 rare de voyager \u00e0 travers le temps et l&rsquo;espace, explorant plus d&rsquo;un si\u00e8cle d&rsquo;histoire artistique \u00e0 travers plus de 200 \u0153uvres d&rsquo;art s\u00e9lectionn\u00e9es avec soin. Des peintures aux sculptures en passant par la photographie, les \u0153uvres expos\u00e9es captivent par leur diversit\u00e9 et leur expressivit\u00e9.<\/p>\n<h4>Une Nouvelle Perspective sur l&rsquo;Art Moderne<\/h4>\n<p>\u00ab\u00a0Pr\u00e9sences arabes\u00a0\u00bb invite les visiteurs \u00e0 red\u00e9couvrir l&rsquo;histoire de l&rsquo;art moderne \u00e0 travers une perspective unique et souvent m\u00e9connue. L&rsquo;exposition r\u00e9v\u00e8le comment les artistes arabes ont contribu\u00e9 \u00e0 fa\u00e7onner les courants artistiques du XXe si\u00e8cle, tout en s&rsquo;engageant dans un dialogue f\u00e9cond avec les avant-gardes occidentales.<\/p>\n<h4>Paris, Capitale de la Cr\u00e9ativit\u00e9 et de l&rsquo;\u00c9mancipation Artistique<\/h4>\n<p>Au c\u0153ur de cette histoire se trouve Paris, une ville qui a jou\u00e9 un r\u00f4le central dans l&rsquo;\u00e9panouissement des modernit\u00e9s arabes. \u00c0 travers des rencontres, des \u00e9changes et des collaborations, Paris est devenue un foyer de cr\u00e9ativit\u00e9 et d&rsquo;\u00e9mancipation artistique pour de nombreux artistes arabes en qu\u00eate de reconnaissance et de libert\u00e9 d&rsquo;expression.<\/p>\n<h4>Les Artistes \u00e0 l&rsquo;Honneur<\/h4>\n<p>L&rsquo;exposition met en lumi\u00e8re plus de 130 artistes arabes, dont les \u0153uvres ont marqu\u00e9 les avant-gardes arabes et l&rsquo;histoire de l&rsquo;art moderne. Des noms embl\u00e9matiques tels qu&rsquo;Etel Adnan, Cha\u00efbia Tallal et bien d&rsquo;autres sont pr\u00e9sent\u00e9s, offrant un aper\u00e7u fascinant de la diversit\u00e9 et de la richesse de la cr\u00e9ation artistique arabe.<\/p>\n<h4>Un Catalogue Riche en D\u00e9couvertes<\/h4>\n<p>Accompagnant l&rsquo;exposition, un catalogue exhaustif offre aux visiteurs une plong\u00e9e plus profonde dans les grands chapitres de l&rsquo;art moderne arabe \u00e0 Paris. R\u00e9dig\u00e9 par des experts de renom, le catalogue propose une documentation d\u00e9taill\u00e9e et une iconographie in\u00e9dite, enrichissant ainsi l&rsquo;exp\u00e9rience de visite.<\/p>\n<p><strong>Les artistes pr\u00e9sent\u00e9s dans l&rsquo;exposition :<\/strong><\/p>\n<p>Shafic ABBOUD, ABOU NADDARA, Hamed ABDALLA, Youssef ABDELKE, Amal ABDENOUR, Boubaker ADJALI, Etel ADNAN, Maliheh AFNAN, Mohamed AKSOUH, Hala ALABDALLA, Farid AOUAD, Fatma ARARGI, Mohamed ATAALLAH, Jean-Michel ATLAN, Amine EL-BACHA, Simone BALTAX\u00c9, Michel BASBOUS, Ala BASHIR, Fatma Haddad-Mahieddine (dite BAYA), Souhila BEL BAHAR, Farid BELKAHIA, Nejib BELKHODJA, Fouad BELLAMINE, Mahjoub BENBELLA, Aly BEN SALEM, Abdallah BENANTEUR, Djamila BENT MOHAMED, Samta BENYAHIA, Maurice BISMOUTH, Etienne BOUCHAUD, Pierre BOUCHERLE, Kamal BOULLATA, Huguette CALAND, Nasser CHAURA, Ahmed CHERKAOUI, Saloua Raouda CHOUCAIR, Chaouki CHOUKINI, collectif CIN\u00c9M\u00c9T\u00c8QUE, Inji EFFLATOUN, Andr\u00e9 ELBAZ, Fouad ELKOURY, Err\u00f2, Ammar FARHAT, Safia FARHAT, Djamel FAR\u00c8S, Moustapha FARROUK, Dias FERHAT, Andr\u00e9 FOUGERON, \u00c9mile GAUDISSARD, Abdel Hadi EL-GAZZAR, Jilali GHARBAOUI, GibranKhalil GIBRAN, Abdelaziz GORGI, Abdelkader GUERMAZ, Abraham HADAD, Marie HADAD, Khadim HAIDER, Ahmed HAJERI, Jamil HAMOUDI, Francis HARBURGER, Faik HASSAN, Mona HATOUM, Adam HENEIN, Georges HENEIN, Mohamed ISSIAKHEM, Marwan KASSAB BACHI (dit MARWAN), Mahjoub AL-JABER (dit JABER), Abdul Kader EL-JANABI, Henri Gustave JOSSOT, Fouad KAMEL, F\u00eala K\u00c9FI-LEROUX, Mohammed KHADDA, Rachid KHIMOUNE, Rachid KORA\u00cfCHI, Georges KOSKAS, Mohamed KOUACI, Claude LAZAR, Ahmed LOUARDIRI, Nja MAHDAOUI, Jean de MAISONSEUL, Azouaou MAMMERI, Maria MANTON, Denis MARTINEZ, Antoine MALLIARAKIS dit MAYO, Hassan MASSOUDY, Hatem EL-MEKKI, Mohamed MELEHI, Rabah MELLAL, Choukri MESLI, Mireille MIAIHLE, Mahmoud MOKHTAR, Fateh MOUDARRES, Philippe MOURANI, Mehdi MOUTASHAR, Laila MURAYWID, Nazir NABAA, Edgar NACCACHE, Effat NAGHI, Mohammed Bey NAGHI, Marguerite NAKHLA, Rafa NASIRI, Ahmad NAWACH, Amy NIMR,Leila NSEIR, Mohammed RACIM, Omar RACIM, Samir RAFI, Aref EL-RAYESS, Jocelyne SAAB, Georges Hanna SABBAGH, Valentine de SAINT-POINT, Shakir Hassan AL-SAID, Mahmoud SA\u00cfD, Nadia SAIKALI, Samir SALAMEH, Mona SAUDI, Jewad SELIM, Jean S\u00c9NAC, Juliana SERAPHIM, Ibrahim SHADHA, Gazbia SIRRY, Cha\u00efbia TALLAL, Gouider TRIKI, Yahia TURKI, Madiha UMAR, Seif WANLY, Nil YALTER, Rams\u00e8s YOUNAN, Salah YOUSRY, Fahrelnissa ZEID, Bibi ZOGB\u00c9.<\/p>\n","protected":false},"excerpt":{"rendered":"<p>D\u00e9couvrez une exp\u00e9rience artistique immersive et captivante au Mus\u00e9e d\u2019Art Moderne de Paris avec l&rsquo;exposition \u00ab\u00a0Pr\u00e9sences arabes \u2013 Art moderne et d\u00e9colonisation \u2013 Paris 1908-1988\u00a0\u00bb, qui se tiendra du 5 avril au 25 ao\u00fbt 2024. Plongez dans un univers artistique<\/p>\n","protected":false},"author":3,"featured_media":2887,"comment_status":"open","ping_status":"open","sticky":false,"template":"","format":"standard","meta":{"footnotes":""},"categories":[2],"tags":[],"brand":[],"class_list":["post-2624","post","type-post","status-publish","format-standard","has-post-thumbnail","hentry","category-actualites"],"translation":{"provider":"WPGlobus","version":"3.0.0","language":"fr","enabled_languages":["ar","fr"],"languages":{"ar":{"title":true,"content":true,"excerpt":false},"fr":{"title":true,"content":true,"excerpt":false}}},"_links":{"self":[{"href":"https:\/\/kalimates.com\/fr\/wp-json\/wp\/v2\/posts\/2624","targetHints":{"allow":["GET"]}}],"collection":[{"href":"https:\/\/kalimates.com\/fr\/wp-json\/wp\/v2\/posts"}],"about":[{"href":"https:\/\/kalimates.com\/fr\/wp-json\/wp\/v2\/types\/post"}],"author":[{"embeddable":true,"href":"https:\/\/kalimates.com\/fr\/wp-json\/wp\/v2\/users\/3"}],"replies":[{"embeddable":true,"href":"https:\/\/kalimates.com\/fr\/wp-json\/wp\/v2\/comments?post=2624"}],"version-history":[{"count":0,"href":"https:\/\/kalimates.com\/fr\/wp-json\/wp\/v2\/posts\/2624\/revisions"}],"wp:featuredmedia":[{"embeddable":true,"href":"https:\/\/kalimates.com\/fr\/wp-json\/wp\/v2\/media\/2887"}],"wp:attachment":[{"href":"https:\/\/kalimates.com\/fr\/wp-json\/wp\/v2\/media?parent=2624"}],"wp:term":[{"taxonomy":"category","embeddable":true,"href":"https:\/\/kalimates.com\/fr\/wp-json\/wp\/v2\/categories?post=2624"},{"taxonomy":"post_tag","embeddable":true,"href":"https:\/\/kalimates.com\/fr\/wp-json\/wp\/v2\/tags?post=2624"},{"taxonomy":"brand","embeddable":true,"href":"https:\/\/kalimates.com\/fr\/wp-json\/wp\/v2\/brand?post=2624"}],"curies":[{"name":"wp","href":"https:\/\/api.w.org\/{rel}","templated":true}]}}